{"id":10672,"date":"2025-04-08T10:00:26","date_gmt":"2025-04-08T08:00:26","guid":{"rendered":"https:\/\/www.sunnysideofthedoc.com\/?post_type=news&#038;p=10672"},"modified":"2025-04-08T10:33:09","modified_gmt":"2025-04-08T08:33:09","slug":"sunny-side-of-the-doc-devoile-les-membres-de-son-comite-consultatif","status":"publish","type":"news","link":"https:\/\/www.sunnysideofthedoc.com\/fr\/actualite\/sunny-side-of-the-doc-devoile-les-membres-de-son-comite-consultatif\/","title":{"rendered":"Sunny Side of the Doc d\u00e9voile les membres de son comit\u00e9 consultatif"},"content":{"rendered":"<div id=\"pl-10672\"  class=\"panel-layout\" ><div id=\"pg-10672-0\"  class=\"panel-grid panel-has-style\" ><div class=\"pt-50 pb-90 bg-pattern-left-top news-padding-responsive panel-row-style panel-row-style-for-10672-0\" ><div id=\"pgc-10672-0-0\"  class=\"panel-grid-cell\" ><div id=\"panel-10672-0-0-0\" class=\"so-panel widget widget_siteorigin-panels-builder panel-first-child panel-last-child\" data-index=\"0\" ><div class=\"container panel-widget-style panel-widget-style-for-10672-0-0-0\" ><div id=\"pl-w67f37fb5c4799\"  class=\"panel-layout\" ><div id=\"pg-w67f37fb5c4799-0\"  class=\"panel-grid panel-no-style\" ><div id=\"pgc-w67f37fb5c4799-0-0\"  class=\"panel-grid-cell\" ><div id=\"panel-w67f37fb5c4799-0-0-0\" class=\"so-panel widget widget_sow-editor panel-first-child panel-last-child\" data-index=\"0\" ><div class=\"mb-4 mb-lg-5 panel-widget-style panel-widget-style-for-w67f37fb5c4799-0-0-0\" ><div\n\t\t\t\n\t\t\tclass=\"so-widget-sow-editor so-widget-sow-editor-base\"\n\t\t\t\n\t\t>\n<div class=\"siteorigin-widget-tinymce textwidget\">\n\t<h3>Sunny Side of the Doc d\u00e9voile les membres de son comit\u00e9 consultatif<\/h3>\n<hr \/>\n<p data-start=\"94\" data-end=\"394\"><span class=\"TextRun SCXW66046270 BCX0\" lang=\"FR-FR\" xml:lang=\"FR-FR\" data-contrast=\"auto\"><span class=\"NormalTextRun AdvancedProofingIssueV2Themed SCXW66046270 BCX0\">Suite \u00e0<\/span><span class=\"NormalTextRun SCXW66046270 BCX0\"> la nomination d\u2019Aur\u00e9lie <\/span><span class=\"NormalTextRun SpellingErrorV2Themed SCXW66046270 BCX0\">R<\/span><span class=\"NormalTextRun SpellingErrorV2Themed SCXW66046270 BCX0\">e<\/span><span class=\"NormalTextRun SpellingErrorV2Themed SCXW66046270 BCX0\">man<\/span><span class=\"NormalTextRun SCXW66046270 BCX0\"> au poste de Directrice G\u00e9n\u00e9rale l\u2019ann\u00e9e derni\u00e8re, Sunny <\/span><span class=\"NormalTextRun SpellingErrorV2Themed SCXW66046270 BCX0\">Side<\/span><span class=\"NormalTextRun SCXW66046270 BCX0\"> of the Doc entame un nouveau chapitre de son histoire. <strong>Renfor\u00e7ant son engagement en faveur de l\u2019innovation, de la collaboration et du d\u00e9veloppement <\/strong><\/span><strong><span class=\"NormalTextRun SCXW66046270 BCX0\">au sein de l\u2019industrie<\/span><span class=\"NormalTextRun SCXW66046270 BCX0\">, le <\/span><span class=\"NormalTextRun SCXW66046270 BCX0\">march\u00e9 international du documentaire lance un <\/span><span class=\"NormalTextRun SCXW66046270 BCX0\">comit\u00e9<\/span> <\/strong><span class=\"NormalTextRun SCXW66046270 BCX0\"><strong>consultatif in\u00e9dit<\/strong>. C<\/span><span class=\"NormalTextRun SCXW66046270 BCX0\">e comit\u00e9 r<\/span><span class=\"NormalTextRun SCXW66046270 BCX0\">assemble<\/span><span class=\"NormalTextRun SCXW66046270 BCX0\"> des professionnels <\/span><span class=\"NormalTextRun SCXW66046270 BCX0\">internationaux issus de la sph\u00e8re documentaire<\/span><span class=\"NormalTextRun SCXW66046270 BCX0\"> et jouera un r\u00f4le cl\u00e9 dans l\u2019orientation strat\u00e9giqu<\/span><span class=\"NormalTextRun SCXW66046270 BCX0\">e de Sunny <\/span><span class=\"NormalTextRun SpellingErrorV2Themed SCXW66046270 BCX0\">Side<\/span><span class=\"NormalTextRun SCXW66046270 BCX0\"> of the Doc.<\/span><\/span><span class=\"EOP SCXW66046270 BCX0\" data-ccp-props=\"{&quot;134233117&quot;:false,&quot;134233118&quot;:false,&quot;335551550&quot;:6,&quot;335551620&quot;:6,&quot;335559738&quot;:240,&quot;335559739&quot;:240}\">\u00a0<\/span><\/p>\n<\/div>\n<\/div><\/div><\/div><\/div><\/div><div id=\"pg-w67f37fb5c4799-1\"  class=\"panel-grid panel-has-style\" ><div class=\"mobile-reverse panel-row-style panel-row-style-for-w67f37fb5c4799-1\" ><div id=\"pgc-w67f37fb5c4799-1-0\"  class=\"panel-grid-cell panel-grid-cell-empty\" ><\/div><div id=\"pgc-w67f37fb5c4799-1-1\"  class=\"panel-grid-cell panel-grid-cell-mobile-last\" ><div id=\"panel-w67f37fb5c4799-1-1-0\" class=\"so-panel widget widget_sow-image panel-first-child panel-last-child\" data-index=\"1\" ><div class=\"panel-widget-style panel-widget-style-for-w67f37fb5c4799-1-1-0\" ><div\n\t\t\t\n\t\t\tclass=\"so-widget-sow-image so-widget-sow-image-default-113ccd71f3e6\"\n\t\t\t\n\t\t>\n<div class=\"sow-image-container\">\n\t\t<img \n\tsrc=\"https:\/\/www.sunnysideofthedoc.com\/wp-content\/uploads\/2025\/03\/Advisory-Board-scaled.jpg\" width=\"2560\" height=\"1536\" srcset=\"https:\/\/www.sunnysideofthedoc.com\/wp-content\/uploads\/2025\/03\/Advisory-Board-scaled.jpg 2560w, https:\/\/www.sunnysideofthedoc.com\/wp-content\/uploads\/2025\/03\/Advisory-Board-300x180.jpg 300w, https:\/\/www.sunnysideofthedoc.com\/wp-content\/uploads\/2025\/03\/Advisory-Board-1024x614.jpg 1024w, https:\/\/www.sunnysideofthedoc.com\/wp-content\/uploads\/2025\/03\/Advisory-Board-768x461.jpg 768w, https:\/\/www.sunnysideofthedoc.com\/wp-content\/uploads\/2025\/03\/Advisory-Board-2048x1229.jpg 2048w, https:\/\/www.sunnysideofthedoc.com\/wp-content\/uploads\/2025\/03\/Advisory-Board-477x286.jpg 477w, https:\/\/www.sunnysideofthedoc.com\/wp-content\/uploads\/2025\/03\/Advisory-Board-900x540.jpg 900w\" sizes=\"(max-width: 2560px) 100vw, 2560px\" title=\"\u00a9  Sunny Side of the Doc\" alt=\"\" \t\tclass=\"so-widget-image\"\/>\n\t<\/div>\n\n<h3 class=\"widget-title\">\u00a9  Sunny Side of the Doc<\/h3><\/div><\/div><\/div><\/div><div id=\"pgc-w67f37fb5c4799-1-2\"  class=\"panel-grid-cell panel-grid-cell-empty\" ><\/div><\/div><\/div><div id=\"pg-w67f37fb5c4799-2\"  class=\"panel-grid panel-has-style\" ><div class=\"panel-row-style panel-row-style-for-w67f37fb5c4799-2\" ><div id=\"pgc-w67f37fb5c4799-2-0\"  class=\"panel-grid-cell\" ><div id=\"panel-w67f37fb5c4799-2-0-0\" class=\"so-panel widget widget_sow-editor panel-first-child panel-last-child\" data-index=\"2\" ><div class=\"mb-4 mb-lg-5 panel-widget-style panel-widget-style-for-w67f37fb5c4799-2-0-0\" ><div\n\t\t\t\n\t\t\tclass=\"so-widget-sow-editor so-widget-sow-editor-base\"\n\t\t\t\n\t\t>\n<div class=\"siteorigin-widget-tinymce textwidget\">\n\t<p data-start=\"748\" data-end=\"1015\"><span class=\"TextRun SCXW236980736 BCX0\" lang=\"FR-FR\" xml:lang=\"FR-FR\" data-contrast=\"auto\"><span class=\"NormalTextRun SCXW236980736 BCX0\">\u00ab Ce c<\/span><span class=\"NormalTextRun SCXW236980736 BCX0\">omit\u00e9<\/span><span class=\"NormalTextRun SCXW236980736 BCX0\"> consultatif constitue une \u00e9tape d\u00e9terminante dans ma vision de renforcer Sunny <\/span><span class=\"NormalTextRun SpellingErrorV2Themed SCXW236980736 BCX0\">Side<\/span><span class=\"NormalTextRun SCXW236980736 BCX0\"> of the Doc en tant que hub central du documentaire audiovisuel en Europe, soutenu par un r\u00e9seau <\/span><span class=\"NormalTextRun SCXW236980736 BCX0\">international <\/span><span class=\"NormalTextRun SCXW236980736 BCX0\">de partenaires. Notre ambition est de cultiver un march\u00e9 inclusif, fond\u00e9 sur un dialogue constructif, des solutions pragmatiques et une innovation collective. En r\u00e9unissant des experts internationaux aux parcours compl\u00e9mentaires et aux connexions vari\u00e9es, nous positionnons Sunny <\/span><span class=\"NormalTextRun SpellingErrorV2Themed SCXW236980736 BCX0\">Side<\/span><span class=\"NormalTextRun SCXW236980736 BCX0\"> of the Doc \u00e0 la fois comme une boussole fiable et une plateforme de soutien pour la communaut\u00e9 documentaire mondiale. <\/span><\/span><span class=\"TextRun SCXW236980736 BCX0\" lang=\"FR-FR\" xml:lang=\"FR-FR\" data-contrast=\"auto\"><span class=\"NormalTextRun SCXW236980736 BCX0\">Je suis ravie de l\u2019enthousiasme des huit membres \u00e0 travailler ensemble vers ces objectifs communs. Cette diversit\u00e9 de perspectives renforcera notre capacit\u00e9 \u00e0 anticiper les tendances du secteur, \u00e0 relever les d\u00e9fis de mani\u00e8re proactive, \u00e0 enrichir notre programmation d\u00e8s l\u2019\u00e9dition de juin, et \u00e0 cr\u00e9er des opportunit\u00e9s d\u2019affaires pertinentes qui r\u00e9pondent aux besoins \u00e9volutifs des professionnels du documentaire \u00e0 travers le monde. \u00bb<\/span><\/span> <span class=\"TextRun SCXW236980736 BCX0\" lang=\"FR-FR\" xml:lang=\"FR-FR\" data-contrast=\"auto\"><strong><span class=\"NormalTextRun SCXW236980736 BCX0\">d\u00e9clare Aur\u00e9lie <\/span><span class=\"NormalTextRun SpellingErrorV2Themed SCXW236980736 BCX0\">R\u00e9man<\/span><span class=\"NormalTextRun SCXW236980736 BCX0\">, Directrice G\u00e9n\u00e9rale de Sunny <\/span><span class=\"NormalTextRun SpellingErrorV2Themed SCXW236980736 BCX0\">Side<\/span><\/strong><span class=\"NormalTextRun SCXW236980736 BCX0\"><strong> of the Doc<\/strong>.<\/span><\/span><span class=\"EOP SCXW236980736 BCX0\" data-ccp-props=\"{&quot;134233117&quot;:false,&quot;134233118&quot;:false,&quot;201341983&quot;:0,&quot;335551550&quot;:6,&quot;335551620&quot;:6,&quot;335559685&quot;:0,&quot;335559737&quot;:0,&quot;335559738&quot;:240,&quot;335559739&quot;:240,&quot;335559740&quot;:279}\">\u00a0<\/span><\/p>\n<p><span class=\"TextRun SCXW111507640 BCX0\" lang=\"FR-FR\" xml:lang=\"FR-FR\" data-contrast=\"auto\"><span class=\"NormalTextRun SCXW111507640 BCX0\">En <\/span><span class=\"NormalTextRun SCXW111507640 BCX0\">apportant<\/span> <span class=\"NormalTextRun SCXW111507640 BCX0\">leur<\/span> <span class=\"NormalTextRun SCXW111507640 BCX0\">expertise<\/span><span class=\"NormalTextRun SCXW111507640 BCX0\">, <\/span><span class=\"NormalTextRun SCXW111507640 BCX0\">leurs<\/span> <span class=\"NormalTextRun SCXW111507640 BCX0\">connaissances<\/span> <span class=\"NormalTextRun SCXW111507640 BCX0\">sectorielles<\/span><span class=\"NormalTextRun SCXW111507640 BCX0\"> et <\/span><span class=\"NormalTextRun SCXW111507640 BCX0\">leurs<\/span><span class=\"NormalTextRun SCXW111507640 BCX0\"> r\u00e9seaux <\/span><span class=\"NormalTextRun SCXW111507640 BCX0\">internationaux<\/span><span class=\"NormalTextRun SCXW111507640 BCX0\">, les <\/span><span class=\"NormalTextRun SCXW111507640 BCX0\">membres<\/span><span class=\"NormalTextRun SCXW111507640 BCX0\"> du conseil <\/span><span class=\"NormalTextRun SCXW111507640 BCX0\">consultatif<\/span> <span class=\"NormalTextRun SCXW111507640 BCX0\">joueront<\/span><span class=\"NormalTextRun SCXW111507640 BCX0\"> un <\/span><span class=\"NormalTextRun SCXW111507640 BCX0\">r\u00f4le<\/span> <span class=\"NormalTextRun SCXW111507640 BCX0\">cl\u00e9<\/span><span class=\"NormalTextRun SCXW111507640 BCX0\"> dans <\/span><span class=\"NormalTextRun SCXW111507640 BCX0\">l\u2019\u00e9laboration<\/span><span class=\"NormalTextRun SCXW111507640 BCX0\"> de la <\/span><span class=\"NormalTextRun SCXW111507640 BCX0\">programmation<\/span><span class=\"NormalTextRun SCXW111507640 BCX0\"> de Sunny <\/span><span class=\"NormalTextRun SpellingErrorV2Themed SCXW111507640 BCX0\">Side<\/span><span class=\"NormalTextRun SCXW111507640 BCX0\"> of the Doc, <\/span><span class=\"NormalTextRun SCXW111507640 BCX0\">l\u2019enrichissement<\/span><span class=\"NormalTextRun SCXW111507640 BCX0\"> des discussions et la <\/span><span class=\"NormalTextRun SCXW111507640 BCX0\">p\u00e9rennisation<\/span><span class=\"NormalTextRun SCXW111507640 BCX0\"> du <\/span><span class=\"NormalTextRun SCXW111507640 BCX0\">march\u00e9<\/span><span class=\"NormalTextRun SCXW111507640 BCX0\">, tout <\/span><span class=\"NormalTextRun SCXW111507640 BCX0\">en<\/span> <span class=\"NormalTextRun SCXW111507640 BCX0\">r\u00e9pondant<\/span><span class=\"NormalTextRun SCXW111507640 BCX0\"> aux <\/span><span class=\"NormalTextRun SCXW111507640 BCX0\">d\u00e9fis<\/span><span class=\"NormalTextRun SCXW111507640 BCX0\"> et <\/span><span class=\"NormalTextRun SCXW111507640 BCX0\">besoins<\/span> <span class=\"NormalTextRun SCXW111507640 BCX0\">\u00e9mergents<\/span><span class=\"NormalTextRun SCXW111507640 BCX0\"> de la <\/span><span class=\"NormalTextRun SCXW111507640 BCX0\">communaut\u00e9<\/span> <span class=\"NormalTextRun SCXW111507640 BCX0\">documentaire<\/span> <span class=\"NormalTextRun SCXW111507640 BCX0\">internationale.<\/span><\/span><span class=\"EOP SCXW111507640 BCX0\" data-ccp-props=\"{&quot;134233117&quot;:false,&quot;134233118&quot;:false,&quot;335551550&quot;:6,&quot;335551620&quot;:6,&quot;335559738&quot;:240,&quot;335559739&quot;:240}\">\u00a0<\/span><\/p>\n<p>&nbsp;<\/p>\n<hr \/>\n<p>&nbsp;<\/p>\n<p><span class=\"TextRun SCXW6053855 BCX0\" lang=\"EN-US\" xml:lang=\"EN-US\" data-contrast=\"auto\"><span class=\"NormalTextRun SCXW6053855 BCX0\">Le <\/span><span class=\"NormalTextRun SpellingErrorV2Themed SCXW6053855 BCX0\">co<\/span><span class=\"NormalTextRun SpellingErrorV2Themed SCXW6053855 BCX0\">mit\u00e9<\/span> <span class=\"NormalTextRun SpellingErrorV2Themed SCXW6053855 BCX0\">consultatif<\/span> <span class=\"NormalTextRun SpellingErrorV2Themed SCXW6053855 BCX0\">nouvellement<\/span> <span class=\"NormalTextRun SpellingErrorV2Themed SCXW6053855 BCX0\">nomm\u00e9<\/span> <span class=\"NormalTextRun SpellingErrorV2Themed SpellingErrorHighlight SCXW6053855 BCX0\">regroupe<\/span><span class=\"NormalTextRun SCXW6053855 BCX0\"> des <\/span><span class=\"NormalTextRun SpellingErrorV2Themed SCXW6053855 BCX0\">acteurs<\/span> <span class=\"NormalTextRun SpellingErrorV2Themed SCXW6053855 BCX0\">majeurs<\/span> <span class=\"NormalTextRun SpellingErrorV2Themed SCXW6053855 BCX0\">issus<\/span><span class=\"NormalTextRun SCXW6053855 BCX0\"> de la diffusion, de la production, de la distribution et des <\/span><span class=\"NormalTextRun SpellingErrorV2Themed SCXW6053855 BCX0\">nouvelles<\/span> <span class=\"NormalTextRun SpellingErrorV2Themed SCXW6053855 BCX0\">plateformes<\/span><span class=\"NormalTextRun SCXW6053855 BCX0\">. Il <\/span><span class=\"NormalTextRun SpellingErrorV2Themed SCXW6053855 BCX0\">repr\u00e9sente<\/span><span class=\"NormalTextRun SCXW6053855 BCX0\"> six pays <\/span><span class=\"NormalTextRun SpellingErrorV2Themed SCXW6053855 BCX0\">diff\u00e9rents<\/span><span class=\"NormalTextRun SCXW6053855 BCX0\"> et <\/span><span class=\"NormalTextRun SpellingErrorV2Themed SCXW6053855 BCX0\">refl\u00e8te<\/span><span class=\"NormalTextRun SCXW6053855 BCX0\"> la <\/span><span class=\"NormalTextRun SpellingErrorV2Themed SCXW6053855 BCX0\">diversit\u00e9<\/span><span class=\"NormalTextRun SCXW6053855 BCX0\"> et le <\/span><span class=\"NormalTextRun SpellingErrorV2Themed SCXW6053855 BCX0\">dynamisme<\/span><span class=\"NormalTextRun SCXW6053855 BCX0\"> de <\/span><span class=\"NormalTextRun SpellingErrorV2Themed SCXW6053855 BCX0\">l\u2019industrie<\/span> <span class=\"NormalTextRun SpellingErrorV2Themed SCXW6053855 BCX0\">documentaire<\/span> <span class=\"NormalTextRun SpellingErrorV2Themed SCXW6053855 BCX0\">actuelle<\/span><span class=\"NormalTextRun SCXW6053855 BCX0\"> :<\/span><\/span><span class=\"EOP SCXW6053855 BCX0\" data-ccp-props=\"{&quot;134233117&quot;:false,&quot;134233118&quot;:false,&quot;335551550&quot;:6,&quot;335551620&quot;:6,&quot;335559738&quot;:240,&quot;335559739&quot;:240}\">\u00a0<\/span><\/p>\n<ul>\n<li><b><span data-contrast=\"none\">Caroline Behar<\/span><\/b><span data-contrast=\"none\"> (France) \u2013 <\/span><span data-contrast=\"none\">Head of International Coproductions and Acquisitions<\/span><span data-contrast=\"none\">, France T\u00e9l\u00e9visions<\/span><\/li>\n<li><b><span data-contrast=\"none\">Laurent Duret<\/span><\/b><span data-contrast=\"none\"> (France) \u2013 Producer &amp; Founder, Bachibouzouk<\/span><\/li>\n<li><b><span data-contrast=\"none\">Paul Heaney<\/span><\/b><span data-contrast=\"none\"> (Royaume-Uni) \u2013 Chief Executive Officer, Bossanova<\/span><span data-ccp-props=\"{&quot;134233117&quot;:false,&quot;134233118&quot;:false,&quot;335551550&quot;:1,&quot;335551620&quot;:1,&quot;335559738&quot;:190,&quot;335559739&quot;:190}\">\u00a0<\/span><\/li>\n<li><b><span data-contrast=\"none\">Elvira Lind<\/span><\/b><span data-contrast=\"none\"> (Allemagne) \u2013 Consultant, Independent<\/span><span data-ccp-props=\"{&quot;134233117&quot;:false,&quot;134233118&quot;:false,&quot;335551550&quot;:1,&quot;335551620&quot;:1,&quot;335559738&quot;:190,&quot;335559739&quot;:190}\">\u00a0<\/span><\/li>\n<li><b><span data-contrast=\"none\">Wangeci M\u016brage<\/span><\/b><span data-contrast=\"none\"> (Kenya) \u2013 Chief Executive Officer, Media Pros Africa<\/span><span data-ccp-props=\"{&quot;134233117&quot;:false,&quot;134233118&quot;:false,&quot;335551550&quot;:1,&quot;335551620&quot;:1,&quot;335559738&quot;:190,&quot;335559739&quot;:190}\">\u00a0<\/span><\/li>\n<li><b><span data-contrast=\"none\">Emmanuel Prosnier<\/span><\/b><span data-contrast=\"none\"> (France) \u2013 Business Development Manager, Broadcast Department, Getty Images<\/span><span data-ccp-props=\"{&quot;134233117&quot;:false,&quot;134233118&quot;:false,&quot;335551550&quot;:1,&quot;335551620&quot;:1,&quot;335559738&quot;:190,&quot;335559739&quot;:190}\">\u00a0<\/span><\/li>\n<li><b><span data-contrast=\"none\">Ellen Windemuth<\/span><\/b><span data-contrast=\"none\"> (<span class=\"TextRun SCXW110587548 BCX0\" lang=\"EN-US\" xml:lang=\"EN-US\" data-contrast=\"auto\"><span class=\"NormalTextRun SCXW110587548 BCX0\">\u00c9tats-Unis<\/span><\/span>) \u2013 Chairwoman, WaterBear Network<\/span><span data-ccp-props=\"{&quot;134233117&quot;:false,&quot;134233118&quot;:false,&quot;335551550&quot;:1,&quot;335551620&quot;:1,&quot;335559738&quot;:190,&quot;335559739&quot;:190}\">\u00a0<\/span><\/li>\n<li><b><span data-contrast=\"none\">Myriam Weil<\/span><\/b><span data-contrast=\"none\"> (France) \u2013 Head of Documentary, Federation Studios<\/span><span data-ccp-props=\"{&quot;134233117&quot;:false,&quot;134233118&quot;:false,&quot;335551550&quot;:1,&quot;335551620&quot;:1,&quot;335559738&quot;:190,&quot;335559739&quot;:190}\">\u00a0<\/span><\/li>\n<\/ul>\n<\/div>\n<\/div><\/div><\/div><\/div><\/div><\/div><\/div><\/div><\/div><\/div><\/div><\/div><\/div>","protected":false},"excerpt":{"rendered":"<p>Sunny Side of the Doc d\u00e9voile les membres de son comit\u00e9 consultatif Suite \u00e0 la nomination d\u2019Aur\u00e9lie Reman au poste de Directrice G\u00e9n\u00e9rale l\u2019ann\u00e9e derni\u00e8re, Sunny Side of the Doc entame un nouveau chapitre de son histoire. Renfor\u00e7ant son engagement en faveur de l\u2019innovation, de la collaboration et du d\u00e9veloppement au sein de l\u2019industrie, le [&hellip;]<\/p>\n","protected":false},"featured_media":10676,"template":"","news_category":[191,167],"class_list":["post-10672","news","type-news","status-publish","has-post-thumbnail","hentry","news_category-comite-consultatif","news_category-sunny-side-of-the-doc-fr"],"acf":[],"yoast_head":"<!-- This site is optimized with the Yoast SEO plugin v27.1.1 - https:\/\/yoast.com\/product\/yoast-seo-wordpress\/ -->\n<title>Sunny Side of the Doc d\u00e9voile les membres de son comit\u00e9 consultatif - Sunny Side of the Doc<\/title>\n<meta name=\"description\" content=\"Sunny Side of the Doc, le march\u00e9 international d\u00e9di\u00e9 au documentaire lin\u00e9aire et non-lin\u00e9aire et \u00e0 sa communaut\u00e9, d\u00e9voile aujourd\u2019hui les huit membres de son tout premier comit\u00e9 consultatif sous la direction d&#039;Aur\u00e9lie Reman\" \/>\n<meta name=\"robots\" content=\"index, follow, max-snippet:-1, max-image-preview:large, max-video-preview:-1\" \/>\n<link rel=\"canonical\" href=\"https:\/\/www.sunnysideofthedoc.com\/fr\/actualite\/sunny-side-of-the-doc-devoile-les-membres-de-son-comite-consultatif\/\" \/>\n<meta property=\"og:locale\" content=\"fr_FR\" \/>\n<meta property=\"og:type\" content=\"article\" \/>\n<meta property=\"og:title\" content=\"Sunny Side of the Doc d\u00e9voile les membres de son comit\u00e9 consultatif - Sunny Side of the Doc\" \/>\n<meta property=\"og:description\" content=\"Sunny Side of the Doc, le march\u00e9 international d\u00e9di\u00e9 au documentaire lin\u00e9aire et non-lin\u00e9aire et \u00e0 sa communaut\u00e9, d\u00e9voile aujourd\u2019hui les huit membres de son tout premier comit\u00e9 consultatif sous la direction d&#039;Aur\u00e9lie Reman\" \/>\n<meta property=\"og:url\" content=\"https:\/\/www.sunnysideofthedoc.com\/fr\/actualite\/sunny-side-of-the-doc-devoile-les-membres-de-son-comite-consultatif\/\" \/>\n<meta property=\"og:site_name\" content=\"Sunny Side of the Doc\" \/>\n<meta property=\"article:publisher\" content=\"https:\/\/www.facebook.com\/sunnysideofthedoc\/\" \/>\n<meta property=\"article:modified_time\" content=\"2025-04-08T08:33:09+00:00\" \/>\n<meta property=\"og:image\" content=\"https:\/\/www.sunnysideofthedoc.com\/wp-content\/uploads\/2025\/03\/Advisory-Board-scaled.jpg\" \/>\n\t<meta property=\"og:image:width\" content=\"2560\" \/>\n\t<meta property=\"og:image:height\" content=\"1536\" \/>\n\t<meta property=\"og:image:type\" content=\"image\/jpeg\" \/>\n<script type=\"application\/ld+json\" class=\"yoast-schema-graph\">{\"@context\":\"https:\/\/schema.org\",\"@graph\":[{\"@type\":\"WebPage\",\"@id\":\"https:\/\/www.sunnysideofthedoc.com\/fr\/actualite\/sunny-side-of-the-doc-devoile-les-membres-de-son-comite-consultatif\/\",\"url\":\"https:\/\/www.sunnysideofthedoc.com\/fr\/actualite\/sunny-side-of-the-doc-devoile-les-membres-de-son-comite-consultatif\/\",\"name\":\"Sunny Side of the Doc d\u00e9voile les membres de son comit\u00e9 consultatif - Sunny Side of the Doc\",\"isPartOf\":{\"@id\":\"https:\/\/www.sunnysideofthedoc.com\/#website\"},\"primaryImageOfPage\":{\"@id\":\"https:\/\/www.sunnysideofthedoc.com\/fr\/actualite\/sunny-side-of-the-doc-devoile-les-membres-de-son-comite-consultatif\/#primaryimage\"},\"image\":{\"@id\":\"https:\/\/www.sunnysideofthedoc.com\/fr\/actualite\/sunny-side-of-the-doc-devoile-les-membres-de-son-comite-consultatif\/#primaryimage\"},\"thumbnailUrl\":\"https:\/\/www.sunnysideofthedoc.com\/wp-content\/uploads\/2025\/03\/Advisory-Board-scaled.jpg\",\"datePublished\":\"2025-04-08T08:00:26+00:00\",\"dateModified\":\"2025-04-08T08:33:09+00:00\",\"description\":\"Sunny Side of the Doc, le march\u00e9 international d\u00e9di\u00e9 au documentaire lin\u00e9aire et non-lin\u00e9aire et \u00e0 sa communaut\u00e9, d\u00e9voile aujourd\u2019hui les huit membres de son tout premier comit\u00e9 consultatif sous la direction d'Aur\u00e9lie Reman\",\"breadcrumb\":{\"@id\":\"https:\/\/www.sunnysideofthedoc.com\/fr\/actualite\/sunny-side-of-the-doc-devoile-les-membres-de-son-comite-consultatif\/#breadcrumb\"},\"inLanguage\":\"fr-FR\",\"potentialAction\":[{\"@type\":\"ReadAction\",\"target\":[\"https:\/\/www.sunnysideofthedoc.com\/fr\/actualite\/sunny-side-of-the-doc-devoile-les-membres-de-son-comite-consultatif\/\"]}]},{\"@type\":\"ImageObject\",\"inLanguage\":\"fr-FR\",\"@id\":\"https:\/\/www.sunnysideofthedoc.com\/fr\/actualite\/sunny-side-of-the-doc-devoile-les-membres-de-son-comite-consultatif\/#primaryimage\",\"url\":\"https:\/\/www.sunnysideofthedoc.com\/wp-content\/uploads\/2025\/03\/Advisory-Board-scaled.jpg\",\"contentUrl\":\"https:\/\/www.sunnysideofthedoc.com\/wp-content\/uploads\/2025\/03\/Advisory-Board-scaled.jpg\",\"width\":2560,\"height\":1536},{\"@type\":\"BreadcrumbList\",\"@id\":\"https:\/\/www.sunnysideofthedoc.com\/fr\/actualite\/sunny-side-of-the-doc-devoile-les-membres-de-son-comite-consultatif\/#breadcrumb\",\"itemListElement\":[{\"@type\":\"ListItem\",\"position\":1,\"name\":\"Home\",\"item\":\"https:\/\/www.sunnysideofthedoc.com\/fr\/\"},{\"@type\":\"ListItem\",\"position\":2,\"name\":\"Sunny Side of the Doc d\u00e9voile les membres de son comit\u00e9 consultatif\"}]},{\"@type\":\"WebSite\",\"@id\":\"https:\/\/www.sunnysideofthedoc.com\/#website\",\"url\":\"https:\/\/www.sunnysideofthedoc.com\/\",\"name\":\"Sunny Side of the Doc\",\"description\":\"\",\"publisher\":{\"@id\":\"https:\/\/www.sunnysideofthedoc.com\/#organization\"},\"potentialAction\":[{\"@type\":\"SearchAction\",\"target\":{\"@type\":\"EntryPoint\",\"urlTemplate\":\"https:\/\/www.sunnysideofthedoc.com\/?s={search_term_string}\"},\"query-input\":{\"@type\":\"PropertyValueSpecification\",\"valueRequired\":true,\"valueName\":\"search_term_string\"}}],\"inLanguage\":\"fr-FR\"},{\"@type\":\"Organization\",\"@id\":\"https:\/\/www.sunnysideofthedoc.com\/#organization\",\"name\":\"Sunny Side of the Doc\",\"url\":\"https:\/\/www.sunnysideofthedoc.com\/\",\"logo\":{\"@type\":\"ImageObject\",\"inLanguage\":\"fr-FR\",\"@id\":\"https:\/\/www.sunnysideofthedoc.com\/#\/schema\/logo\/image\/\",\"url\":\"https:\/\/www.sunnysideofthedoc.com\/wp-content\/uploads\/2026\/03\/cropped-logo-vertical-blanc.png\",\"contentUrl\":\"https:\/\/www.sunnysideofthedoc.com\/wp-content\/uploads\/2026\/03\/cropped-logo-vertical-blanc.png\",\"width\":1080,\"height\":1080,\"caption\":\"Sunny Side of the Doc\"},\"image\":{\"@id\":\"https:\/\/www.sunnysideofthedoc.com\/#\/schema\/logo\/image\/\"},\"sameAs\":[\"https:\/\/www.facebook.com\/sunnysideofthedoc\/\",\"https:\/\/x.com\/SunnySideDoc\",\"https:\/\/www.instagram.com\/sunnysidedoc\/\",\"https:\/\/www.linkedin.com\/company\/sunnysideofthedoc\/\"]}]}<\/script>\n<!-- \/ Yoast SEO plugin. -->","yoast_head_json":{"title":"Sunny Side of the Doc d\u00e9voile les membres de son comit\u00e9 consultatif - Sunny Side of the Doc","description":"Sunny Side of the Doc, le march\u00e9 international d\u00e9di\u00e9 au documentaire lin\u00e9aire et non-lin\u00e9aire et \u00e0 sa communaut\u00e9, d\u00e9voile aujourd\u2019hui les huit membres de son tout premier comit\u00e9 consultatif sous la direction d'Aur\u00e9lie Reman","robots":{"index":"index","follow":"follow","max-snippet":"max-snippet:-1","max-image-preview":"max-image-preview:large","max-video-preview":"max-video-preview:-1"},"canonical":"https:\/\/www.sunnysideofthedoc.com\/fr\/actualite\/sunny-side-of-the-doc-devoile-les-membres-de-son-comite-consultatif\/","og_locale":"fr_FR","og_type":"article","og_title":"Sunny Side of the Doc d\u00e9voile les membres de son comit\u00e9 consultatif - Sunny Side of the Doc","og_description":"Sunny Side of the Doc, le march\u00e9 international d\u00e9di\u00e9 au documentaire lin\u00e9aire et non-lin\u00e9aire et \u00e0 sa communaut\u00e9, d\u00e9voile aujourd\u2019hui les huit membres de son tout premier comit\u00e9 consultatif sous la direction d'Aur\u00e9lie Reman","og_url":"https:\/\/www.sunnysideofthedoc.com\/fr\/actualite\/sunny-side-of-the-doc-devoile-les-membres-de-son-comite-consultatif\/","og_site_name":"Sunny Side of the Doc","article_publisher":"https:\/\/www.facebook.com\/sunnysideofthedoc\/","article_modified_time":"2025-04-08T08:33:09+00:00","og_image":[{"width":2560,"height":1536,"url":"https:\/\/www.sunnysideofthedoc.com\/wp-content\/uploads\/2025\/03\/Advisory-Board-scaled.jpg","type":"image\/jpeg"}],"schema":{"@context":"https:\/\/schema.org","@graph":[{"@type":"WebPage","@id":"https:\/\/www.sunnysideofthedoc.com\/fr\/actualite\/sunny-side-of-the-doc-devoile-les-membres-de-son-comite-consultatif\/","url":"https:\/\/www.sunnysideofthedoc.com\/fr\/actualite\/sunny-side-of-the-doc-devoile-les-membres-de-son-comite-consultatif\/","name":"Sunny Side of the Doc d\u00e9voile les membres de son comit\u00e9 consultatif - Sunny Side of the Doc","isPartOf":{"@id":"https:\/\/www.sunnysideofthedoc.com\/#website"},"primaryImageOfPage":{"@id":"https:\/\/www.sunnysideofthedoc.com\/fr\/actualite\/sunny-side-of-the-doc-devoile-les-membres-de-son-comite-consultatif\/#primaryimage"},"image":{"@id":"https:\/\/www.sunnysideofthedoc.com\/fr\/actualite\/sunny-side-of-the-doc-devoile-les-membres-de-son-comite-consultatif\/#primaryimage"},"thumbnailUrl":"https:\/\/www.sunnysideofthedoc.com\/wp-content\/uploads\/2025\/03\/Advisory-Board-scaled.jpg","datePublished":"2025-04-08T08:00:26+00:00","dateModified":"2025-04-08T08:33:09+00:00","description":"Sunny Side of the Doc, le march\u00e9 international d\u00e9di\u00e9 au documentaire lin\u00e9aire et non-lin\u00e9aire et \u00e0 sa communaut\u00e9, d\u00e9voile aujourd\u2019hui les huit membres de son tout premier comit\u00e9 consultatif sous la direction d'Aur\u00e9lie Reman","breadcrumb":{"@id":"https:\/\/www.sunnysideofthedoc.com\/fr\/actualite\/sunny-side-of-the-doc-devoile-les-membres-de-son-comite-consultatif\/#breadcrumb"},"inLanguage":"fr-FR","potentialAction":[{"@type":"ReadAction","target":["https:\/\/www.sunnysideofthedoc.com\/fr\/actualite\/sunny-side-of-the-doc-devoile-les-membres-de-son-comite-consultatif\/"]}]},{"@type":"ImageObject","inLanguage":"fr-FR","@id":"https:\/\/www.sunnysideofthedoc.com\/fr\/actualite\/sunny-side-of-the-doc-devoile-les-membres-de-son-comite-consultatif\/#primaryimage","url":"https:\/\/www.sunnysideofthedoc.com\/wp-content\/uploads\/2025\/03\/Advisory-Board-scaled.jpg","contentUrl":"https:\/\/www.sunnysideofthedoc.com\/wp-content\/uploads\/2025\/03\/Advisory-Board-scaled.jpg","width":2560,"height":1536},{"@type":"BreadcrumbList","@id":"https:\/\/www.sunnysideofthedoc.com\/fr\/actualite\/sunny-side-of-the-doc-devoile-les-membres-de-son-comite-consultatif\/#breadcrumb","itemListElement":[{"@type":"ListItem","position":1,"name":"Home","item":"https:\/\/www.sunnysideofthedoc.com\/fr\/"},{"@type":"ListItem","position":2,"name":"Sunny Side of the Doc d\u00e9voile les membres de son comit\u00e9 consultatif"}]},{"@type":"WebSite","@id":"https:\/\/www.sunnysideofthedoc.com\/#website","url":"https:\/\/www.sunnysideofthedoc.com\/","name":"Sunny Side of the Doc","description":"","publisher":{"@id":"https:\/\/www.sunnysideofthedoc.com\/#organization"},"potentialAction":[{"@type":"SearchAction","target":{"@type":"EntryPoint","urlTemplate":"https:\/\/www.sunnysideofthedoc.com\/?s={search_term_string}"},"query-input":{"@type":"PropertyValueSpecification","valueRequired":true,"valueName":"search_term_string"}}],"inLanguage":"fr-FR"},{"@type":"Organization","@id":"https:\/\/www.sunnysideofthedoc.com\/#organization","name":"Sunny Side of the Doc","url":"https:\/\/www.sunnysideofthedoc.com\/","logo":{"@type":"ImageObject","inLanguage":"fr-FR","@id":"https:\/\/www.sunnysideofthedoc.com\/#\/schema\/logo\/image\/","url":"https:\/\/www.sunnysideofthedoc.com\/wp-content\/uploads\/2026\/03\/cropped-logo-vertical-blanc.png","contentUrl":"https:\/\/www.sunnysideofthedoc.com\/wp-content\/uploads\/2026\/03\/cropped-logo-vertical-blanc.png","width":1080,"height":1080,"caption":"Sunny Side of the Doc"},"image":{"@id":"https:\/\/www.sunnysideofthedoc.com\/#\/schema\/logo\/image\/"},"sameAs":["https:\/\/www.facebook.com\/sunnysideofthedoc\/","https:\/\/x.com\/SunnySideDoc","https:\/\/www.instagram.com\/sunnysidedoc\/","https:\/\/www.linkedin.com\/company\/sunnysideofthedoc\/"]}]}},"_links":{"self":[{"href":"https:\/\/www.sunnysideofthedoc.com\/fr\/wp-json\/wp\/v2\/news\/10672","targetHints":{"allow":["GET"]}}],"collection":[{"href":"https:\/\/www.sunnysideofthedoc.com\/fr\/wp-json\/wp\/v2\/news"}],"about":[{"href":"https:\/\/www.sunnysideofthedoc.com\/fr\/wp-json\/wp\/v2\/types\/news"}],"wp:featuredmedia":[{"embeddable":true,"href":"https:\/\/www.sunnysideofthedoc.com\/fr\/wp-json\/wp\/v2\/media\/10676"}],"wp:attachment":[{"href":"https:\/\/www.sunnysideofthedoc.com\/fr\/wp-json\/wp\/v2\/media?parent=10672"}],"wp:term":[{"taxonomy":"news_category","embeddable":true,"href":"https:\/\/www.sunnysideofthedoc.com\/fr\/wp-json\/wp\/v2\/news_category?post=10672"}],"curies":[{"name":"wp","href":"https:\/\/api.w.org\/{rel}","templated":true}]}}